{"id":3084,"date":"2017-09-17T11:13:10","date_gmt":"2017-09-17T09:13:10","guid":{"rendered":"http:\/\/www.lechomania.de\/wordpress\/?p=3084"},"modified":"2017-09-19T21:55:26","modified_gmt":"2017-09-19T19:55:26","slug":"die-zwillinge-in-ihrer-sprachentwicklung-und-15-moegliche-fragen-sie-noch-mehr-herauszufordern","status":"publish","type":"post","link":"https:\/\/www.vivolavita.de\/?p=3084","title":{"rendered":"Die Zwillinge in Ihrer Sprachentwicklung und 15 m\u00f6gliche Fragen sie noch mehr herauszufordern"},"content":{"rendered":"<p align=\"justify\"><span style=\"font-size: small;\">Hejsan,<\/span><\/p>\n<p align=\"justify\"><span style=\"font-size: small;\">Es f\u00fchlt sich fast wie eine Ewigkeit an, als ich das letzte mal etwas von der Entwicklung der Zwillinge geschrieben habe. Es passiert so unglaublich viel und manches einfach schleichend. Wir sehen immer \u00f6fter unser Spiegelbild in Ihnen, was mir pers\u00f6nlich \u00fcberhaupt nicht gef\u00e4llt. Vor drei Monaten noch haben sie uns bis an unsere Grenzen getestet,\u00a0<\/span><span style=\"font-size: small;\">was ich teilweise unglaublich interessant, aber auch anstrengend fand.<\/span><!--more--><\/p>\n<p align=\"justify\"><span style=\"font-size: small;\"><img loading=\"lazy\" class=\"aligncenter size-medium wp-image-3521\" src=\"http:\/\/www.vivolavita.de\/wp-content\/uploads\/2017\/08\/2017-06-27_21.10.24-400x400.jpg\" alt=\"\" width=\"400\" height=\"400\" srcset=\"https:\/\/www.vivolavita.de\/wp-content\/uploads\/2017\/08\/2017-06-27_21.10.24-400x400.jpg 400w, https:\/\/www.vivolavita.de\/wp-content\/uploads\/2017\/08\/2017-06-27_21.10.24-150x150.jpg 150w, https:\/\/www.vivolavita.de\/wp-content\/uploads\/2017\/08\/2017-06-27_21.10.24-768x768.jpg 768w, https:\/\/www.vivolavita.de\/wp-content\/uploads\/2017\/08\/2017-06-27_21.10.24-1024x1024.jpg 1024w, https:\/\/www.vivolavita.de\/wp-content\/uploads\/2017\/08\/2017-06-27_21.10.24.jpg 1080w\" sizes=\"(max-width: 400px) 100vw, 400px\" \/><\/span><\/p>\n<p align=\"justify\"><span style=\"font-size: small;\"><img loading=\"lazy\" class=\"aligncenter size-medium wp-image-3525\" src=\"http:\/\/www.vivolavita.de\/wp-content\/uploads\/2017\/08\/2017-06-27_21.20.34-400x400.jpg\" alt=\"\" width=\"400\" height=\"400\" srcset=\"https:\/\/www.vivolavita.de\/wp-content\/uploads\/2017\/08\/2017-06-27_21.20.34-400x400.jpg 400w, https:\/\/www.vivolavita.de\/wp-content\/uploads\/2017\/08\/2017-06-27_21.20.34-150x150.jpg 150w, https:\/\/www.vivolavita.de\/wp-content\/uploads\/2017\/08\/2017-06-27_21.20.34-768x768.jpg 768w, https:\/\/www.vivolavita.de\/wp-content\/uploads\/2017\/08\/2017-06-27_21.20.34-1024x1024.jpg 1024w, https:\/\/www.vivolavita.de\/wp-content\/uploads\/2017\/08\/2017-06-27_21.20.34.jpg 1080w\" sizes=\"(max-width: 400px) 100vw, 400px\" \/><\/span><\/p>\n<p align=\"justify\"><span style=\"font-size: small;\">S\u00e4tze und W\u00f6rter wie: Was machst du da? Schaaade! Oder, das ist nicht schlimm Mama! Noch einmal! Aber Nein, Lieber nicht! Aber der kan inte prata (aber der kam nicht sprechen)! Niemals! Nun redet &#8230;. ! Du h\u00f6rst nicht! H\u00f6rte und h\u00f6re ich immer und immer wieder. Und manchmal ist es eben doch schlimm, wenn zum Beispiel der Joghurtinhalt auf dem Tisch als Salbmittel verwendet wird, wieder mit der Gabel dem Tisch mitwissend ein gro\u00dfer Kratzer zur Verzierung auferlegt wurde, die Malstifte pl\u00f6tzlich f\u00fcr handgemachte einfache Kindert\u00e4towierungen als Sch\u00f6nheitselement auf die Haut m\u00fchevoll aufgetragen worden und ich wieder genau die zwei Minuten des Geschehens verpasst habe. Aber das lustige ist, die Zwillinge kommen mir zuvor. Bevor ich etwas sagen kann, haben sie es bereits ausgesprochen. Mama, Mama das ist nicht schlimm!<\/span><\/p>\n<p align=\"justify\"><span style=\"font-size: small;\">Aber auch neue Wortkreationen wie Wurstfisch, Eisjoghurt, Loppga loppga = lopp ga lopp ga = Galopp, Wolkenfeuer von J.O. f\u00fcr einen eventuell kommenden Regen, Guten-Morgen-Zeit von Phia als Gegensatz zu Schlafenszeit.\u00a0<\/span><\/p>\n<p align=\"justify\"><span style=\"font-size: small;\">Es ist sch\u00f6n wie sie Gegens\u00e4tze, zu immer wiederkehrenden Handlungen, in ihrer Kindlichkeit und ihren Worten selbst erfinden und ihr ganz pers\u00f6nliches Wort kreieren. Oder ihre Fantasie durch ein Farbenspiel oder Formspiel (z.B. am Himmel, oder die Form einer Wurst) angeregt wird.\u00a0<\/span><\/p>\n<p align=\"justify\"><span style=\"font-size: small;\">Bei mir entsteht sofort ein klares Bild im Kopf und meine Fantasie beginnt sich zu formen, wunderbares Gef\u00fchl. Ist dass die unbewusste Entstehung einer Metapher oder sogar Allegorie. Ich muss noch mehr solcher unglaublicher (in die Fantasie eingreifende) W\u00f6rter aufgreifen. Das tut mir gut, es bringt mein Ideen-Rat zum Rollen.<\/span><\/p>\n<p align=\"justify\"><span style=\"font-size: small;\">Papa ist ein Waschlappen, dass wiederum sind Wortspiele welche uns zum schmunzeln und lachen bringen.\u00a0<\/span><\/p>\n<p align=\"justify\"><img loading=\"lazy\" class=\"aligncenter size-medium wp-image-3574\" src=\"http:\/\/www.vivolavita.de\/wp-content\/uploads\/2017\/09\/2017-09-16_21.25.30-400x400.jpg\" alt=\"\" width=\"400\" height=\"400\" srcset=\"https:\/\/www.vivolavita.de\/wp-content\/uploads\/2017\/09\/2017-09-16_21.25.30-400x400.jpg 400w, https:\/\/www.vivolavita.de\/wp-content\/uploads\/2017\/09\/2017-09-16_21.25.30-150x150.jpg 150w, https:\/\/www.vivolavita.de\/wp-content\/uploads\/2017\/09\/2017-09-16_21.25.30-768x768.jpg 768w, https:\/\/www.vivolavita.de\/wp-content\/uploads\/2017\/09\/2017-09-16_21.25.30-1024x1024.jpg 1024w, https:\/\/www.vivolavita.de\/wp-content\/uploads\/2017\/09\/2017-09-16_21.25.30.jpg 1080w\" sizes=\"(max-width: 400px) 100vw, 400px\" \/><\/p>\n<p align=\"justify\"><span style=\"font-size: small;\">In den letzten sieben Wochen haben sie wiedermal einen riesigen sprachlichen Sprung gemacht. Jedes Jahr wenn wir nach Deutschland fahren und mehr Menschen, au\u00dfer Mama und Papa, um sie herum auch deutsch sprechen, bekommen sie einen sprachlichen Schub. Und jetzt k\u00f6nnen wir unglaublich sch\u00f6ne, kleine, kindliche, aber reizvolle Gespr\u00e4che f\u00fchren.<\/span><\/p>\n<p><img loading=\"lazy\" class=\"aligncenter size-medium wp-image-3339\" src=\"http:\/\/www.lechomania.de\/wordpress\/wp-content\/uploads\/2017\/06\/2017-06-25_17.31.06-400x400.jpg\" alt=\"2017-06-25_17.31.06\" width=\"400\" height=\"400\" srcset=\"https:\/\/www.vivolavita.de\/wp-content\/uploads\/2017\/06\/2017-06-25_17.31.06-400x400.jpg 400w, https:\/\/www.vivolavita.de\/wp-content\/uploads\/2017\/06\/2017-06-25_17.31.06-150x150.jpg 150w, https:\/\/www.vivolavita.de\/wp-content\/uploads\/2017\/06\/2017-06-25_17.31.06-768x768.jpg 768w, https:\/\/www.vivolavita.de\/wp-content\/uploads\/2017\/06\/2017-06-25_17.31.06.jpg 1080w\" sizes=\"(max-width: 400px) 100vw, 400px\" \/><\/p>\n<p align=\"justify\"><span style=\"font-size: small;\">Eigentlich dachte ich auch dar\u00fcber nach, einen kleinen R\u00fcckblick \u00fcber unseren unglaublich langen Urlaub zu schreiben, dabei jedoch merkte ich das es nicht wirklich viel zu berichten gibt. Es war unglaublich erholsamer Urlaub und wir hatten endlich mal wieder Zeit mit der Familie (und somit das wichtigste Band zusammenzuhalten). Wir haben wieder gelernt das wir als Familie eine gr\u00f6\u00dfere Rolle spielen und das es Einsam ist, wenn ein Glied fehlt und der Kreis nicht geschlossen werden kann. Wir haben die Zeit zusammen in vollen Z\u00fcgen genossen und sch\u00e4tzen gelernt. Wir haben in den 7 Wochen wieder voneinander gelernt, wir haben viele fragen gestellt und geredet, w\u00fcnsche ge\u00e4u\u00dfert und das wichtigste wir haben uns gesehen und geh\u00f6rt und wir waren einfach wieder mehr f\u00fcr einander da.<\/span><\/p>\n<p align=\"justify\"><img loading=\"lazy\" class=\"aligncenter size-medium wp-image-3575\" src=\"http:\/\/www.vivolavita.de\/wp-content\/uploads\/2017\/09\/2017-09-16_14.10.19-400x400.jpg\" alt=\"\" width=\"400\" height=\"400\" srcset=\"https:\/\/www.vivolavita.de\/wp-content\/uploads\/2017\/09\/2017-09-16_14.10.19-400x400.jpg 400w, https:\/\/www.vivolavita.de\/wp-content\/uploads\/2017\/09\/2017-09-16_14.10.19-150x150.jpg 150w, https:\/\/www.vivolavita.de\/wp-content\/uploads\/2017\/09\/2017-09-16_14.10.19-768x768.jpg 768w, https:\/\/www.vivolavita.de\/wp-content\/uploads\/2017\/09\/2017-09-16_14.10.19-1024x1024.jpg 1024w, https:\/\/www.vivolavita.de\/wp-content\/uploads\/2017\/09\/2017-09-16_14.10.19.jpg 1080w\" sizes=\"(max-width: 400px) 100vw, 400px\" \/><\/p>\n<p align=\"justify\"><span style=\"font-size: small;\">Bevor uns der Alltag jedoch wieder einholt, habe ich mich mit ein paar Fragen besch\u00e4ftigt, speziell f\u00fcr meine Kinder, aber auch f\u00fcr meinem liebsten (insofern er antworten m\u00f6chte :-)). Ich st\u00f6re mich schon so lange an der Frage: Wie war dein Tag? Oder die Frage: Was habt ihr heut im Kindergarten gemacht? Dabei wei\u00df ich die Antwort indirekt schon, keiner nimmt sich wirklich richtig Zeit zu antworten. Sie antworten fast immer mit den gleichen Worten, dabei haben unsere Kinder einen so gro\u00dfen sprachlichen Sprung gemacht. Dennoch sind es immer die gleichen Antworten immer die gleichen Kinder waren b\u00f6se und es gab meistens Kartoffeln und Nudeln zum Essen. ABER! Wo ist die Beilage und gab es keine So\u00dfe? Das Kind welches B\u00f6se gewesen sein soll, gibt es doch gar nicht mehr bei euch in der Gruppe, oder? Bei genauem nachfragen im Kindergarten wird die Antwort nicht immer best\u00e4tigt und dann wundere ich mich. Was mache ich nur Falsch? Durch Zufall fand ich auf dieser Seite &gt;<a href=\"https:\/\/www.parent.co\/30-questions-to-ask-your-kid-instead-of-how-was-your-day\/\">HIER<\/a>&lt; eine L\u00f6sung und entdeckte, dass es anscheinend an meiner Fragestellung liegen k\u00f6nnte. Sind meine Kinder einer Art Antwortschema verfallen? Warum ist immer der selbe Junge B\u00f6se und warum gibt es immer Kartoffeln und Nudeln gleichzeitig? Dabei w\u00fcrde ich sehr gern wissen welches Essen sie im Kindergarten favorisieren.<\/span><\/p>\n<p align=\"justify\"><span style=\"font-size: small;\">Da war ER, der Grund ein paar Fragen zu \u00fcbernehmen und zu \u00fcberlegen.<\/span><\/p>\n<p align=\"justify\"><span style=\"font-size: small;\">Hier sind die Fragen die ich in Zukunft wom\u00f6glich in unregelm\u00e4ssiger Reihenfolge und Abst\u00e4nden stellen werde. F\u00fcr Schulkinder k\u00f6nnt ihr euch bei <a href=\"https:\/\/www.parent.co\/30-questions-to-ask-your-kid-instead-of-how-was-your-day\/\">parent.co<\/a> noch inspiration holen.<\/span><\/p>\n<ol>\n<li>\n<p align=\"justify\"><span style=\"font-size: small;\">Was habt ihr als erstes gemacht nachdem Mama und Papa weg waren?<\/span><\/p>\n<\/li>\n<li>\n<p align=\"justify\"><span style=\"font-size: small;\">Wenn du ein Keks bekommen w\u00fcrdest mit wem w\u00fcrdest du es heute teilen?<\/span><\/p>\n<\/li>\n<li>\n<p align=\"justify\"><span style=\"font-size: small;\">Was hast du heute f\u00fcr jemanden anderen super nettes getan? Oder hast du jemanden geholfen?<\/span><\/p>\n<\/li>\n<li>\n<p align=\"justify\"><span style=\"font-size: small;\">War jemand super nett zu dir oder hat dir jemand geholfen?<\/span><\/p>\n<\/li>\n<li>\n<p align=\"justify\"><span style=\"font-size: small;\">Was hat dich <\/span><span style=\"font-size: small;\">heute zum lachen gebracht?<\/span><\/p>\n<\/li>\n<li>\n<p align=\"justify\"><span style=\"font-size: small;\">Was gab es zum Mittagess<\/span><span style=\"font-size: small;\">en?<\/span><\/p>\n<\/li>\n<li>\n<p align=\"justify\"><span style=\"font-size: small;\">Welche Farbe hatte das Gem\u00fcse?<\/span><\/p>\n<\/li>\n<li>\n<p align=\"justify\"><span style=\"font-size: small;\">Was war heute besonders anstrengend oder schwer f\u00fcr dich?<\/span><\/p>\n<\/li>\n<li>\n<p align=\"justify\"><span style=\"font-size: small;\">Wer hat heute alles nach dem Mittagessen geschlafen?<\/span><\/p>\n<\/li>\n<li>\n<p align=\"justify\"><span style=\"font-size: small;\">Was war das lustigste was du heute gesehen hast?<\/span><\/p>\n<\/li>\n<li>\n<p align=\"justify\"><span style=\"font-size: small;\">Habt ihr heute etwas besonderes gespielt?<\/span><\/p>\n<\/li>\n<li>\n<p align=\"justify\"><span style=\"font-size: small;\">Hat dich heute jemand ge\u00e4rgert?<\/span><\/p>\n<\/li>\n<li>\n<p align=\"justify\"><span style=\"font-size: small;\">Was war besonders anstrengend f\u00fcr dich?<\/span><\/p>\n<\/li>\n<li>\n<p align=\"justify\"><span style=\"font-size: small;\">In welchem Teil vom Kindergarten hast du heute am meisten gespielt.<\/span><\/p>\n<\/li>\n<li>\n<p align=\"justify\"><span style=\"font-size: small;\">War heute irgend jemand Frech im Kindergarten? Und zu wem?<\/span><\/p>\n<\/li>\n<\/ol>\n<p align=\"justify\"><span style=\"font-size: small;\">Wie gestaltet ihr eure Fragen und habt ihr ein paar sch\u00f6ne Ideen eure Kinder zum Reden zu animieren. Ich versuche viel herauszufinden, wenn wir vom Kindergarten nach Hause laufen oder sp\u00e4testens wenn wir beim Abendessen alle zusammen sitzen, kommen unz\u00e4hlige Fragen von mir. Eigentlich w\u00fcrde ich manchmal gern jeden mindestens 15 minuten Aufmerksamkeit, ohne dem anderen Zwilling, schenken, denn dann ist der Informationsfluss auch wieder ein anderer und die Konzentration liegt nur bei einem Zwilling. Zusammen verdrehen sie doch gelegentlich Geschehnisse und Tage und wir wissen eigentlich gar nicht genau ob das alles stimmt, was sie uns erz\u00e4hlen. Toll ist zu sehen was bei den Zwillingen einen gro\u00dfen Raum einnimmt, beispielsweise Freunde im Kindergarten, Farben, Kleidung, Gemeinheiten und nat\u00fcrlich ihr Zwilling. Ich bin gespannt auf eure Ideen und Erkenntnisse. Schreibt mir gern wie ihr an eure Informationen kommt.<\/span><\/p>\n<p align=\"justify\"><span style=\"font-size: small;\">Ha det s\u00e5 bra!<\/span><\/p>\n<p align=\"justify\"><span style=\"font-size: small;\">Vivo<\/span><\/p>\n<p align=\"justify\"><span style=\"font-size: small;\">Schnittmuster: <\/span><\/p>\n<p align=\"justify\"><span style=\"font-size: small;\">Kleid: von Firlefanz \u201eG\u00e4nsebl\u00fcmchen\u201c <\/span><\/p>\n<p align=\"justify\"><span style=\"font-size: small;\">Shirt: von Schnabelina \u201eTrotzkopf\u201c mit ver\u00e4nderungen \u2013 Freebook<\/span><\/p>\n<p align=\"justify\"><span style=\"font-size: small;\">Shirt von Papa: Burda 6602<\/span><\/p>\n<p align=\"justify\"><span style=\"font-size: small;\">Stoffe: Tygverket, Stoffladen Lippstadt &#8211; von Papa ausgew\u00e4hlt<\/span><\/p>\n<p align=\"justify\"><span style=\"font-size: small;\">verlinkt bei: <a href=\"http:\/\/www.zwergstuecke.de\/2017\/09\/linkparty-montagsfreuden-103.html?m=1\">Montagsfreuden<\/a>, <a href=\"http:\/\/www.creadienstag.de\/2017\/09\/297.html?m=1\">Creadiestag<\/a>, <a href=\"http:\/\/Www.handmadeontuesday.blogspot.de\">Hot<\/a>, <a href=\"http:\/\/linkparties.crafting-cafe.de\/2017\/09\/08\/freebook-friday-29\/\">Freebook Friday<\/a>, <a href=\"http:\/\/made4boys.blogspot.se\/2017\/09\/made4boys-september-2017.html?m=1\">Made4boys<\/a>, <a href=\"http:\/\/www.lunaju.de\/2017\/09\/kiddikram-september.html?m=1\">Kidikram<\/a>, <a href=\"http:\/\/-linksammlung.blogspot.se\/2017\/09\/made4girls-september-2017.html?m=1\">Made4girls<\/a>\u00a0, <a href=\"http:\/\/meertjes-stuff.blogspot.se\/2017\/09\/link-your-stuff_19.html?m=1\">meertje<\/a><\/span><\/p>\n<p style=\"text-align: justify;\">\n","protected":false},"excerpt":{"rendered":"<p>Hejsan, Es f\u00fchlt sich fast wie eine Ewigkeit an, als ich das letzte mal etwas von der Entwicklung der Zwillinge geschrieben habe. Es passiert so unglaublich viel und manches einfach schleichend. Wir sehen immer \u00f6fter unser Spiegelbild in Ihnen, was mir pers\u00f6nlich \u00fcberhaupt nicht gef\u00e4llt. Vor drei Monaten noch haben sie uns bis an unsere [&hellip;]<\/p>\n","protected":false},"author":1,"featured_media":3587,"comment_status":"open","ping_status":"open","sticky":false,"template":"","format":"standard","meta":[],"categories":[18,42,17,4],"tags":[281,271,280,283,282,35,58,43],"jetpack_featured_media_url":"https:\/\/www.vivolavita.de\/wp-content\/uploads\/2017\/09\/2017-09-16_23.48.33.jpg","_links":{"self":[{"href":"https:\/\/www.vivolavita.de\/index.php?rest_route=\/wp\/v2\/posts\/3084"}],"collection":[{"href":"https:\/\/www.vivolavita.de\/index.php?rest_route=\/wp\/v2\/posts"}],"about":[{"href":"https:\/\/www.vivolavita.de\/index.php?rest_route=\/wp\/v2\/types\/post"}],"author":[{"embeddable":true,"href":"https:\/\/www.vivolavita.de\/index.php?rest_route=\/wp\/v2\/users\/1"}],"replies":[{"embeddable":true,"href":"https:\/\/www.vivolavita.de\/index.php?rest_route=%2Fwp%2Fv2%2Fcomments&post=3084"}],"version-history":[{"count":24,"href":"https:\/\/www.vivolavita.de\/index.php?rest_route=\/wp\/v2\/posts\/3084\/revisions"}],"predecessor-version":[{"id":3599,"href":"https:\/\/www.vivolavita.de\/index.php?rest_route=\/wp\/v2\/posts\/3084\/revisions\/3599"}],"wp:featuredmedia":[{"embeddable":true,"href":"https:\/\/www.vivolavita.de\/index.php?rest_route=\/wp\/v2\/media\/3587"}],"wp:attachment":[{"href":"https:\/\/www.vivolavita.de\/index.php?rest_route=%2Fwp%2Fv2%2Fmedia&parent=3084"}],"wp:term":[{"taxonomy":"category","embeddable":true,"href":"https:\/\/www.vivolavita.de\/index.php?rest_route=%2Fwp%2Fv2%2Fcategories&post=3084"},{"taxonomy":"post_tag","embeddable":true,"href":"https:\/\/www.vivolavita.de\/index.php?rest_route=%2Fwp%2Fv2%2Ftags&post=3084"}],"curies":[{"name":"wp","href":"https:\/\/api.w.org\/{rel}","templated":true}]}}