{"id":2176,"date":"2016-08-17T09:55:19","date_gmt":"2016-08-17T07:55:19","guid":{"rendered":"http:\/\/www.lechomania.de\/wordpress\/?p=2176"},"modified":"2017-06-26T12:55:40","modified_gmt":"2017-06-26T10:55:40","slug":"meine-erster-quilt-ein-geschenk-fuer-meine-tochter","status":"publish","type":"post","link":"https:\/\/www.vivolavita.de\/?p=2176","title":{"rendered":"Meine erster Quilt &#8211; ein Geschenk f\u00fcr meine Tochter!"},"content":{"rendered":"<p style=\"text-align: left;\">Hejsan!<\/p>\n<p style=\"text-align: justify;\">Unglaublich, aber wahr, ich hab meine erste Quilt\/Patchworkdecke fertiggestellt. Sie ist nicht perfekt, aber sie ist mir gelungen und dar\u00fcber bin ich so sehr froh. Dieses Projekt hat sich spontan bei mir entwickelt. Ich fand beim St\u00f6bern im Bastelladen ein paar reduzierte Precuts\/zugeschnittene Stoffe a 15x15cm von Tilda Design. <!--more-->Sie wiederum ist bekannt f\u00fcr ihr Quilten und Patchworken u.v.m. und weil ich schon sehr lange eine neu Schlafdecke f\u00fcr die Kids besorgen wollte, kam mir beim besagten st\u00f6bern\u00a0<span style=\"line-height: 1.5;\">die Idee des Selbermachens. Inspiriert, nachgedacht gekauft! Bevor es los ging hab ich noch ein paar Videos bei YouTube angesehen um mir einen ersten Eindruck vom quilten zu verschaffen, man findet unglaublich viel und ich denke es ist f\u00fcr jeden Geschmack etwas dabei. Als erstes hab ich also die Stoffe so gelegt, das keine Wiederholungen entstehen und habe begonnen alle Quadrate zusammen zu n\u00e4hen. Die obere Seite der Decke ging ziemlich rasant. B\u00fcgeln, n\u00e4hen, staunen! F\u00fcr die F\u00fcllung habe ich die d\u00fcnnste Bettdecke die ich im schwedischen M\u00f6belhaus finden konnte, mit der oberen Decke zusammen gesteckt und mit einem Cremefarbenen Baumwollstoff die untere Seite mit einander verbunden und zusammen gen\u00e4ht. Am schwierigsten waren dabei die Quadrate <\/span>zu steppen. Meine Maschine ist zwar daf\u00fcr ausgelegt, aber ich bin als Anf\u00e4nger doch ab und an verrutscht und somit ist die Naht nicht immer gerade geworden. Mit einem extra breiten und selbst zugeschnittenen Schr\u00e4gband habe ich den Abschluss gemacht. Alle vier Ecken habe ich mit Hand gen\u00e4ht.<\/p>\n<p style=\"text-align: justify;\"><span style=\"text-decoration: underline;\">Warum habe ich eine bereits gesteppte Decke als F\u00fcllung verwendet?\u00a0<\/span><\/p>\n<p style=\"text-align: justify;\">Wie bereits gesagt ist das Quilten Neuland f\u00fcr mich und nat\u00fcrlich haben sich in meinem Kopf die R\u00e4der gedreht als ich mir die Frage der F\u00fcllung gestellt habe. Mein Anspruch vom Material war so hoch das ich einfach nur wollte das es beim n\u00e4hen nicht verrutscht und nicht fusselt. Ich wollte es so einfach wie m\u00f6glich machen und doch mit Qualit\u00e4t. Ob es da die richtige Entscheidung war eine bereits (sehr d\u00fcnne) gesteppte Decke zu verwenden ist fraglich. Ich habe es als einen Testlauf gesehen und dadurch versucht eine g\u00fcnstige Variante zu verarbeiten. Die Decke war 150cm x 200 cm lang und damit gro\u00df genug f\u00fcr Missgeschicke und hat mich weniger als 15 \u20ac gekostet. Die obere Decke welche aus den Precuts besteht, habe ich also etwas kleiner gestaltet 140cm x 180cm fals es sp\u00e4ter zu Verschiebungen kommen sollte, was auch Minimal geschehen ist. Die \u00fcberstehenden Kanten habe ich dann nach dem Steppen abgeschnitten und mit dem von mir angefertigten 10cm breiten Schr\u00e4gband vers\u00e4ubert. Die letztendliche Gr\u00f6\u00dfe der Decke betr\u00e4gt nun 135cm x 175cm und ist somit gro\u00df genug f\u00fcr meine kleine Tochter Phia. Es war mir auch wichtige, dass ich alle verwendeten Materialien bei 60 Grad waschen kann. Ihr Zwilling bekommt nat\u00fcrlich auch noch eine. Die Precuts sind schon alle zu geschnitten.<\/p>\n<p style=\"text-align: justify;\">Was nehmt ihr f\u00fcr die F\u00fcllung? Und kennt ihr anf\u00e4ngertaugliche Tipps die ich bei meinem zweiten Quilt umsetzen kann? Und wie kann man es noch einfacher Gestalten? Eine Frage noch! Ist es nun ein Quilt oder eine Patchworkdecke?<\/p>\n<p style=\"text-align: justify;\">Als ich endlich fertig war mit der Decke gab ich sie an meine Zwillinge weiter und es kam nur ein &#8218;Boah&#8216;. Ich hab mich riesig \u00fcber das Kompliment gefreut, da die Stoffe je nicht wirklich aus niedlichen Kinderstoffen bestehen, sonder mehr romantischer Natur sind. Ich hoffe es wird eine Decke die Phia noch eine ganze Weile mit sich nehmen wird, momentan wird es noch geteilt, solange bis J.O. seine eigene Decke hat.\u00a0Ausgiebig gekuschelt haben Beide damit, jetzt liegt sie jedoch wie geplant bei Phia im Bett.<\/p>\n<p style=\"text-align: justify;\"><a href=\"http:\/\/www.lechomania.de\/wordpress\/wp-content\/uploads\/2016\/08\/image-17.jpeg\"><img loading=\"lazy\" class=\"aligncenter size-medium wp-image-3346\" src=\"http:\/\/www.lechomania.de\/wordpress\/wp-content\/uploads\/2015\/05\/2017-06-26_10.54.15-400x400.jpg\" alt=\"2017-06-26_10.54.15\" width=\"400\" height=\"400\" srcset=\"https:\/\/www.vivolavita.de\/wp-content\/uploads\/2015\/05\/2017-06-26_10.54.15-400x400.jpg 400w, https:\/\/www.vivolavita.de\/wp-content\/uploads\/2015\/05\/2017-06-26_10.54.15-150x150.jpg 150w, https:\/\/www.vivolavita.de\/wp-content\/uploads\/2015\/05\/2017-06-26_10.54.15-768x768.jpg 768w, https:\/\/www.vivolavita.de\/wp-content\/uploads\/2015\/05\/2017-06-26_10.54.15-1024x1024.jpg 1024w, https:\/\/www.vivolavita.de\/wp-content\/uploads\/2015\/05\/2017-06-26_10.54.15.jpg 1080w\" sizes=\"(max-width: 400px) 100vw, 400px\" \/><\/a><\/p>\n<p style=\"text-align: justify;\"><a href=\"http:\/\/www.lechomania.de\/wordpress\/wp-content\/uploads\/2016\/08\/image-17.jpeg\"><img loading=\"lazy\" class=\"aligncenter size-medium wp-image-3345\" src=\"http:\/\/www.lechomania.de\/wordpress\/wp-content\/uploads\/2015\/05\/2017-06-26_10.52.03-400x400.jpg\" alt=\"2017-06-26_10.52.03\" width=\"400\" height=\"400\" srcset=\"https:\/\/www.vivolavita.de\/wp-content\/uploads\/2015\/05\/2017-06-26_10.52.03-400x400.jpg 400w, https:\/\/www.vivolavita.de\/wp-content\/uploads\/2015\/05\/2017-06-26_10.52.03-150x150.jpg 150w, https:\/\/www.vivolavita.de\/wp-content\/uploads\/2015\/05\/2017-06-26_10.52.03-768x768.jpg 768w, https:\/\/www.vivolavita.de\/wp-content\/uploads\/2015\/05\/2017-06-26_10.52.03-1024x1024.jpg 1024w, https:\/\/www.vivolavita.de\/wp-content\/uploads\/2015\/05\/2017-06-26_10.52.03.jpg 1080w\" sizes=\"(max-width: 400px) 100vw, 400px\" \/><\/a><\/p>\n<p style=\"text-align: justify;\"><a href=\"http:\/\/www.lechomania.de\/wordpress\/wp-content\/uploads\/2016\/08\/image-17.jpeg\"><img loading=\"lazy\" class=\"aligncenter size-medium wp-image-3344\" src=\"http:\/\/www.lechomania.de\/wordpress\/wp-content\/uploads\/2015\/05\/2017-06-26_10.51.18-400x400.jpg\" alt=\"2017-06-26_10.51.18\" width=\"400\" height=\"400\" srcset=\"https:\/\/www.vivolavita.de\/wp-content\/uploads\/2015\/05\/2017-06-26_10.51.18-400x400.jpg 400w, https:\/\/www.vivolavita.de\/wp-content\/uploads\/2015\/05\/2017-06-26_10.51.18-150x150.jpg 150w, https:\/\/www.vivolavita.de\/wp-content\/uploads\/2015\/05\/2017-06-26_10.51.18-768x768.jpg 768w, https:\/\/www.vivolavita.de\/wp-content\/uploads\/2015\/05\/2017-06-26_10.51.18-1024x1024.jpg 1024w, https:\/\/www.vivolavita.de\/wp-content\/uploads\/2015\/05\/2017-06-26_10.51.18.jpg 1080w\" sizes=\"(max-width: 400px) 100vw, 400px\" \/><\/a><\/p>\n<p>Ha det s\u00e5 bra!<\/p>\n<p>Vivo<\/p>\n<p>Stoff: Tilda Design, Ikea<\/p>\n<p>Schnittmuster: Inspirationen von Youtupe<\/p>\n<p>Verlinkt bei: <a href=\"http:\/\/meertjes-stuff.blogspot.se\/2016\/08\/link-your-stuff_16.html\">Meertje<\/a>, <a href=\"http:\/\/afterworksewing.blogspot.se\/\">afterworksewing<\/a>, <a href=\"http:\/\/www.fabulatoria.de\/2016\/01\/lovely-precuts-linkparty\/\">Lovely Precuts Linkparty<\/a>, \u00a0<a href=\"http:\/\/www.pamelopee.de\/2016\/08\/crealopee-august-2016.html\">crealopee<\/a>, <a href=\"http:\/\/www.lunaju.de\/2016\/08\/linkparty-kiddikram-august-2016.html\">Kiddikram<\/a>, <a href=\"http:\/\/allie-and-me-design.blogspot.se\/p\/the-quilt-collection.html\">The\u00a0Quilt Collection<\/a>,<\/p>\n","protected":false},"excerpt":{"rendered":"<p>Hejsan! Unglaublich, aber wahr, ich hab meine erste Quilt\/Patchworkdecke fertiggestellt. Sie ist nicht perfekt, aber sie ist mir gelungen und dar\u00fcber bin ich so sehr froh. Dieses Projekt hat sich spontan bei mir entwickelt. Ich fand beim St\u00f6bern im Bastelladen ein paar reduzierte Precuts\/zugeschnittene Stoffe a 15x15cm von Tilda Design.<\/p>\n","protected":false},"author":1,"featured_media":3347,"comment_status":"open","ping_status":"open","sticky":false,"template":"","format":"standard","meta":[],"categories":[18,17,4],"tags":[169,35,167,170,168],"jetpack_featured_media_url":"https:\/\/www.vivolavita.de\/wp-content\/uploads\/2015\/05\/2017-06-26_10.55.59.jpg","_links":{"self":[{"href":"https:\/\/www.vivolavita.de\/index.php?rest_route=\/wp\/v2\/posts\/2176"}],"collection":[{"href":"https:\/\/www.vivolavita.de\/index.php?rest_route=\/wp\/v2\/posts"}],"about":[{"href":"https:\/\/www.vivolavita.de\/index.php?rest_route=\/wp\/v2\/types\/post"}],"author":[{"embeddable":true,"href":"https:\/\/www.vivolavita.de\/index.php?rest_route=\/wp\/v2\/users\/1"}],"replies":[{"embeddable":true,"href":"https:\/\/www.vivolavita.de\/index.php?rest_route=%2Fwp%2Fv2%2Fcomments&post=2176"}],"version-history":[{"count":20,"href":"https:\/\/www.vivolavita.de\/index.php?rest_route=\/wp\/v2\/posts\/2176\/revisions"}],"predecessor-version":[{"id":3349,"href":"https:\/\/www.vivolavita.de\/index.php?rest_route=\/wp\/v2\/posts\/2176\/revisions\/3349"}],"wp:featuredmedia":[{"embeddable":true,"href":"https:\/\/www.vivolavita.de\/index.php?rest_route=\/wp\/v2\/media\/3347"}],"wp:attachment":[{"href":"https:\/\/www.vivolavita.de\/index.php?rest_route=%2Fwp%2Fv2%2Fmedia&parent=2176"}],"wp:term":[{"taxonomy":"category","embeddable":true,"href":"https:\/\/www.vivolavita.de\/index.php?rest_route=%2Fwp%2Fv2%2Fcategories&post=2176"},{"taxonomy":"post_tag","embeddable":true,"href":"https:\/\/www.vivolavita.de\/index.php?rest_route=%2Fwp%2Fv2%2Ftags&post=2176"}],"curies":[{"name":"wp","href":"https:\/\/api.w.org\/{rel}","templated":true}]}}