{"id":2115,"date":"2016-08-05T21:39:09","date_gmt":"2016-08-05T19:39:09","guid":{"rendered":"http:\/\/www.lechomania.de\/wordpress\/?p=2115"},"modified":"2016-11-01T23:42:39","modified_gmt":"2016-11-01T21:42:39","slug":"einen-beutel-gegen-plastiktueten","status":"publish","type":"post","link":"https:\/\/www.vivolavita.de\/?p=2115","title":{"rendered":"Einen Beutel gegen Plastikt\u00fcten"},"content":{"rendered":"<p>Hejsan,<\/p>\n<p style=\"text-align: justify;\">Manchmal wei\u00df ich garnicht was ich sagen soll: endlich wieder zu Hause in Schweden oder Schade das unser Urlaub zu Ende geht. Bevor wir aber wirklich wieder in unseren vier W\u00e4nden ankommen, werden noch ein paar Tage vergehen. Und bis dahin genie\u00dfen wir unsere letzten Urlaubstage auf einem schwedischen Campingplatz Getn\u00f6 G\u00e5rd. Ich werde also noch ein bisschen brauchen um den Julibericht zu schreiben, weil einfach so unglaublich viel passiert ist und ich alle meine Gedanken erst einmal sammeln m\u00f6chte. Dennoch schreibe ich euch schon einmal ein paar Zeilen und beginne somit wieder langsam meinen Blog aufzuwecken und aufzupeppen.<\/p>\n<p style=\"text-align: justify;\">Heute also nur ganz kurz mit einem kleinen einfachen Beutel. Es wird doch immer wieder dar\u00fcber gesprochen, dass wir mehr Stofftaschen nutzen sollten, statt zur Plastikt\u00fcte zu greifen. Hier ist mein Beitrag und zugeschnitten sind schon zwei weitere. Unsere Stoffbeutel brauchten jetzt aber auch endlich mal einen Wechsel, einige davon sehen wirklich nicht mehr gut aus.<!--more--><\/p>\n<p style=\"text-align: justify;\">Als Aussenstoff habe ich Stoffe aus meiner Restekiste verwendet. Manchmal weis man nicht einmal mehr wie der Stoff \u00fcberhaupt in die Restekiste gelangt ist. Das Innenfutter ist ein alter Kopfkissenbezug aus meiner Kindheit. Meine Mama hat mir mal einen ganzen Stapel gegeben und ich dachte die sind teilweise so sch\u00f6n das man sie gut als Innenfutter verwenden kann, auch f\u00fcr kleinere Taschen und\u00a0T\u00e4schchen. Ansonsten gibt es nicht so viel mehr zu berichten.<\/p>\n<p><a href=\"http:\/\/www.lechomania.de\/wordpress\/wp-content\/uploads\/2016\/07\/image.jpeg\"><img loading=\"lazy\" class=\"aligncenter wp-image-2116\" src=\"http:\/\/www.lechomania.de\/wordpress\/wp-content\/uploads\/2016\/07\/image-682x1024.jpeg\" alt=\"image\" width=\"380\" height=\"570\" srcset=\"https:\/\/www.vivolavita.de\/wp-content\/uploads\/2016\/07\/image-682x1024.jpeg 682w, https:\/\/www.vivolavita.de\/wp-content\/uploads\/2016\/07\/image-200x300.jpeg 200w, https:\/\/www.vivolavita.de\/wp-content\/uploads\/2016\/07\/image-768x1153.jpeg 768w, https:\/\/www.vivolavita.de\/wp-content\/uploads\/2016\/07\/image.jpeg 1302w\" sizes=\"(max-width: 380px) 100vw, 380px\" \/><\/a><\/p>\n<p><a href=\"http:\/\/www.lechomania.de\/wordpress\/wp-content\/uploads\/2016\/07\/image-2.jpeg\"><img loading=\"lazy\" class=\"aligncenter wp-image-2118\" src=\"http:\/\/www.lechomania.de\/wordpress\/wp-content\/uploads\/2016\/07\/image-2-682x1024.jpeg\" alt=\"image\" width=\"380\" height=\"570\" srcset=\"https:\/\/www.vivolavita.de\/wp-content\/uploads\/2016\/07\/image-2-682x1024.jpeg 682w, https:\/\/www.vivolavita.de\/wp-content\/uploads\/2016\/07\/image-2-200x300.jpeg 200w, https:\/\/www.vivolavita.de\/wp-content\/uploads\/2016\/07\/image-2-768x1153.jpeg 768w, https:\/\/www.vivolavita.de\/wp-content\/uploads\/2016\/07\/image-2.jpeg 1218w\" sizes=\"(max-width: 380px) 100vw, 380px\" \/><\/a><\/p>\n<p>Har det s\u00e5 bra!<\/p>\n<p>Vivo<\/p>\n<p>Schnitt: Wendetasche &#8222;Milly&#8220; von pattydoo<\/p>\n<p>Stoff: Restekiste<\/p>\n<p>verlinkt bei:<span style=\"line-height: 1.5;\">\u00a0<\/span><a style=\"line-height: 1.5;\" href=\"http:\/\/freutag.blogspot.se\/2016\/08\/freutag-165.html?m=1\">Freutag<\/a><\/p>\n","protected":false},"excerpt":{"rendered":"<p>Hejsan, Manchmal wei\u00df ich garnicht was ich sagen soll: endlich wieder zu Hause in Schweden oder Schade das unser Urlaub zu Ende geht. Bevor wir aber wirklich wieder in unseren vier W\u00e4nden ankommen, werden noch ein paar Tage vergehen. Und bis dahin genie\u00dfen wir unsere letzten Urlaubstage auf einem schwedischen Campingplatz Getn\u00f6 G\u00e5rd. Ich werde [&hellip;]<\/p>\n","protected":false},"author":1,"featured_media":2118,"comment_status":"open","ping_status":"open","sticky":false,"template":"","format":"standard","meta":[],"categories":[18,17,4],"tags":[163,165,166,164,37],"jetpack_featured_media_url":"https:\/\/www.vivolavita.de\/wp-content\/uploads\/2016\/07\/image-2.jpeg","_links":{"self":[{"href":"https:\/\/www.vivolavita.de\/index.php?rest_route=\/wp\/v2\/posts\/2115"}],"collection":[{"href":"https:\/\/www.vivolavita.de\/index.php?rest_route=\/wp\/v2\/posts"}],"about":[{"href":"https:\/\/www.vivolavita.de\/index.php?rest_route=\/wp\/v2\/types\/post"}],"author":[{"embeddable":true,"href":"https:\/\/www.vivolavita.de\/index.php?rest_route=\/wp\/v2\/users\/1"}],"replies":[{"embeddable":true,"href":"https:\/\/www.vivolavita.de\/index.php?rest_route=%2Fwp%2Fv2%2Fcomments&post=2115"}],"version-history":[{"count":9,"href":"https:\/\/www.vivolavita.de\/index.php?rest_route=\/wp\/v2\/posts\/2115\/revisions"}],"predecessor-version":[{"id":2455,"href":"https:\/\/www.vivolavita.de\/index.php?rest_route=\/wp\/v2\/posts\/2115\/revisions\/2455"}],"wp:featuredmedia":[{"embeddable":true,"href":"https:\/\/www.vivolavita.de\/index.php?rest_route=\/wp\/v2\/media\/2118"}],"wp:attachment":[{"href":"https:\/\/www.vivolavita.de\/index.php?rest_route=%2Fwp%2Fv2%2Fmedia&parent=2115"}],"wp:term":[{"taxonomy":"category","embeddable":true,"href":"https:\/\/www.vivolavita.de\/index.php?rest_route=%2Fwp%2Fv2%2Fcategories&post=2115"},{"taxonomy":"post_tag","embeddable":true,"href":"https:\/\/www.vivolavita.de\/index.php?rest_route=%2Fwp%2Fv2%2Ftags&post=2115"}],"curies":[{"name":"wp","href":"https:\/\/api.w.org\/{rel}","templated":true}]}}