{"id":1034,"date":"2015-10-18T21:11:25","date_gmt":"2015-10-18T19:11:25","guid":{"rendered":"http:\/\/www.lechomania.de\/wordpress\/?p=1034"},"modified":"2017-02-02T22:30:44","modified_gmt":"2017-02-02T20:30:44","slug":"wintermantel-sew-along-erster-zwischenstand","status":"publish","type":"post","link":"https:\/\/www.vivolavita.de\/?p=1034","title":{"rendered":"Wintermantel \u201esew along\u201c \u2013 Erster Zwischenstand"},"content":{"rendered":"<p style=\"text-align: justify;\">Hejsan!<\/p>\n<p style=\"text-align: justify;\">Viel habe ich ja nicht geschafft, da ich sehr viel zu tun hatte und jetzt vermutlich auch noch unter der herbstlichen M\u00fcdigkeit leide. Aber dennoch habe ich die Zeit gut ausgenutzt. Erst habe ich bei mir Ma\u00df genommen, da ich mir dachte, das meine &#8222;eigentliche&#8220; Konfektionsgr\u00f6\u00dfe vermutlich nicht bei einem gekauften Schnittmuster passen w\u00fcrde. Und so war es auch! Ich haber den Schnitt in 44 zugeschnitten da ich wirklich sehr unterschiedliche Ma\u00dfe aufweise. Ich hoffe das ich am Ende alles irgendwie korrigieren kann oder das der Mantel wirklich passt. Danach habe ich mich an das Ausschneiden des Schnittmusters in Stoff gemacht und das hat wirklich lange gedauert. Unglaublich wieviel Zeit f\u00fcr eine sehr genaue Vorbereitung ins Land geht. Ich hoffe das n\u00e4hen geht dann etwas schneller. Aber es sollte ja auch eine Herausforderung sein und sie wird es sicherlich auch bleiben. Schon beim Zuschneiden hatte ich ein komisches Gef\u00fchl, das hoffentlich nichts schief gehen wird. Aber jetzt ist der Anfang getan. Heute zeige ich euch noch mal meine Stoffauswahl da ich letztens ja noch nix vorweisen konnte.<\/p>\n<p style=\"text-align: justify;\"><a href=\"http:\/\/www.lechomania.de\/wordpress\/wp-content\/uploads\/2015\/10\/image5.jpg\"><img loading=\"lazy\" class=\"aligncenter size-medium wp-image-1040\" src=\"http:\/\/www.lechomania.de\/wordpress\/wp-content\/uploads\/2015\/10\/image5-300x300.jpg\" alt=\"image\" width=\"300\" height=\"300\" \/><\/a><\/p>\n<p style=\"text-align: justify;\">Der Zeitplan:<\/p>\n<p style=\"text-align: justify;\">04.10. \u2013 Schnitt und Stoffvorstellung. Tutorial: Schulterpolster<br \/>\n18.10. \u2013 Erster Zwischenstand. Tutorial: Reverskragen<br \/>\n01.11. \u2013 Zweiter Zwischenstand: Wie bekomme ich meinen Mantel zu? Tutorial: Paspelknopfl\u00f6cher<br \/>\n15.11. \u2013 Endspurt: Nur noch ein paar Kleinigkeiten! Tutorial: F\u00fcttern<br \/>\n29.11. \u2013 Finale: Jetzt kann der Winter kommen!<\/p>\n<p style=\"text-align: justify;\">Jetzt muss ich noch schnell zu\u00a0<a href=\"http:\/\/memademittwoch.blogspot.de\">memademittwoch.blogspot<\/a>\u00a0und schauen wie weit die Anderen mit ihrem Wintermantel sind. Vielleicht finde ich brauchbare Tipps.<\/p>\n<p style=\"text-align: justify;\">Har det s\u00e5 bra!<\/p>\n<p style=\"text-align: justify;\">Vivo<\/p>\n","protected":false},"excerpt":{"rendered":"<p>Hejsan! Viel habe ich ja nicht geschafft, da ich sehr viel zu tun hatte und jetzt vermutlich auch noch unter der herbstlichen M\u00fcdigkeit leide. Aber dennoch habe ich die Zeit gut ausgenutzt. Erst habe ich bei mir Ma\u00df genommen, da ich mir dachte, das meine &#8222;eigentliche&#8220; Konfektionsgr\u00f6\u00dfe vermutlich nicht bei einem gekauften Schnittmuster passen w\u00fcrde. [&hellip;]<\/p>\n","protected":false},"author":1,"featured_media":0,"comment_status":"open","ping_status":"open","sticky":false,"template":"","format":"standard","meta":[],"categories":[18,17,4],"tags":[35,39,56],"jetpack_featured_media_url":"","_links":{"self":[{"href":"https:\/\/www.vivolavita.de\/index.php?rest_route=\/wp\/v2\/posts\/1034"}],"collection":[{"href":"https:\/\/www.vivolavita.de\/index.php?rest_route=\/wp\/v2\/posts"}],"about":[{"href":"https:\/\/www.vivolavita.de\/index.php?rest_route=\/wp\/v2\/types\/post"}],"author":[{"embeddable":true,"href":"https:\/\/www.vivolavita.de\/index.php?rest_route=\/wp\/v2\/users\/1"}],"replies":[{"embeddable":true,"href":"https:\/\/www.vivolavita.de\/index.php?rest_route=%2Fwp%2Fv2%2Fcomments&post=1034"}],"version-history":[{"count":8,"href":"https:\/\/www.vivolavita.de\/index.php?rest_route=\/wp\/v2\/posts\/1034\/revisions"}],"predecessor-version":[{"id":1046,"href":"https:\/\/www.vivolavita.de\/index.php?rest_route=\/wp\/v2\/posts\/1034\/revisions\/1046"}],"wp:attachment":[{"href":"https:\/\/www.vivolavita.de\/index.php?rest_route=%2Fwp%2Fv2%2Fmedia&parent=1034"}],"wp:term":[{"taxonomy":"category","embeddable":true,"href":"https:\/\/www.vivolavita.de\/index.php?rest_route=%2Fwp%2Fv2%2Fcategories&post=1034"},{"taxonomy":"post_tag","embeddable":true,"href":"https:\/\/www.vivolavita.de\/index.php?rest_route=%2Fwp%2Fv2%2Ftags&post=1034"}],"curies":[{"name":"wp","href":"https:\/\/api.w.org\/{rel}","templated":true}]}}